{"id":685,"date":"2025-08-12T12:02:09","date_gmt":"2025-08-12T11:02:09","guid":{"rendered":"http:\/\/orgues-agde.fr\/?p=685"},"modified":"2025-08-12T12:02:09","modified_gmt":"2025-08-12T11:02:09","slug":"samedi-16-aout-rv-a-20h30-a-la-cathedrale-saint-etienne-dagde-pour-un-voyage-exceptionnel-tout-en-improvisation-le-concert-se-poursuit-a-leglise-saint-sever-vers-21h15-un-hommage-genereux-a-la","status":"publish","type":"post","link":"http:\/\/orgues-agde.fr\/index.php\/2025\/08\/12\/samedi-16-aout-rv-a-20h30-a-la-cathedrale-saint-etienne-dagde-pour-un-voyage-exceptionnel-tout-en-improvisation-le-concert-se-poursuit-a-leglise-saint-sever-vers-21h15-un-hommage-genereux-a-la\/","title":{"rendered":"Samedi 16 Ao\u00fbt, RV \u00e0 20h30 \u00e0 la Cath\u00e9drale Saint-Etienne d&#8217;Agde pour un voyage exceptionnel tout en improvisation. Le concert se poursuit \u00e0 l&#8217;Eglise Saint-Sever vers 21h15. Un hommage g\u00e9n\u00e9reux \u00e0 la cit\u00e9 d&#8217;Agde et \u00e0 Notre-Dame de l&#8217;Agenouillade et d&#8217;ailleurs&#8230;"},"content":{"rendered":"\n<figure class=\"wp-block-gallery has-nested-images columns-default is-cropped wp-block-gallery-1 is-layout-flex wp-block-gallery-is-layout-flex\">\n<figure class=\"wp-block-image size-large\"><img loading=\"lazy\" decoding=\"async\" width=\"720\" height=\"960\" data-id=\"686\" src=\"http:\/\/orgues-agde.fr\/wp-content\/uploads\/2025\/08\/Diapositive4-2.jpg\" alt=\"\" class=\"wp-image-686\" srcset=\"http:\/\/orgues-agde.fr\/wp-content\/uploads\/2025\/08\/Diapositive4-2.jpg 720w, http:\/\/orgues-agde.fr\/wp-content\/uploads\/2025\/08\/Diapositive4-2-225x300.jpg 225w\" sizes=\"(max-width: 720px) 100vw, 720px\" \/><\/figure>\n<\/figure>\n","protected":false},"excerpt":{"rendered":"","protected":false},"author":1,"featured_media":0,"comment_status":"closed","ping_status":"closed","sticky":false,"template":"","format":"standard","meta":{"footnotes":""},"categories":[1],"tags":[],"_links":{"self":[{"href":"http:\/\/orgues-agde.fr\/index.php\/wp-json\/wp\/v2\/posts\/685"}],"collection":[{"href":"http:\/\/orgues-agde.fr\/index.php\/wp-json\/wp\/v2\/posts"}],"about":[{"href":"http:\/\/orgues-agde.fr\/index.php\/wp-json\/wp\/v2\/types\/post"}],"author":[{"embeddable":true,"href":"http:\/\/orgues-agde.fr\/index.php\/wp-json\/wp\/v2\/users\/1"}],"replies":[{"embeddable":true,"href":"http:\/\/orgues-agde.fr\/index.php\/wp-json\/wp\/v2\/comments?post=685"}],"version-history":[{"count":1,"href":"http:\/\/orgues-agde.fr\/index.php\/wp-json\/wp\/v2\/posts\/685\/revisions"}],"predecessor-version":[{"id":687,"href":"http:\/\/orgues-agde.fr\/index.php\/wp-json\/wp\/v2\/posts\/685\/revisions\/687"}],"wp:attachment":[{"href":"http:\/\/orgues-agde.fr\/index.php\/wp-json\/wp\/v2\/media?parent=685"}],"wp:term":[{"taxonomy":"category","embeddable":true,"href":"http:\/\/orgues-agde.fr\/index.php\/wp-json\/wp\/v2\/categories?post=685"},{"taxonomy":"post_tag","embeddable":true,"href":"http:\/\/orgues-agde.fr\/index.php\/wp-json\/wp\/v2\/tags?post=685"}],"curies":[{"name":"wp","href":"https:\/\/api.w.org\/{rel}","templated":true}]}}